{"id":3816,"date":"2023-11-27T12:23:13","date_gmt":"2023-11-27T12:23:13","guid":{"rendered":"http:\/\/ns.roznorodnosc.pl\/?p=3816"},"modified":"2024-02-01T07:19:15","modified_gmt":"2024-02-01T07:19:15","slug":"polskie-nagrody-roznorodnosci-rozdane","status":"publish","type":"post","link":"https:\/\/roznorodnosc.pl\/?p=3816","title":{"rendered":"Polskie Nagrody R\u00f3\u017cnorodno\u015bci rozdane"},"content":{"rendered":"\n<p><strong>R\u00f3\u017cnorodno\u015b\u0107 w&nbsp;biznesie to klucz do przysz\u0142o\u015bci i&nbsp;sukcesu na rynku \u2013 m\u00f3wi\u0142 Grzegorz Sadowski, redaktor naczelny \u201eMy Company Polska\u201d, w&nbsp;trakcie pierwszej gali Polskich Nagr\u00f3d R\u00f3\u017cnorodno\u015bci, kt\u00f3re przyzna\u0142a nasza redakcja.<\/strong><\/p>\n\n\n\n<p>Laureaci nagr\u00f3d zostali wy\u0142onieni przez redakcj\u0119 i kapitu\u0142\u0119. Wyr\u00f3\u017cnienia wr\u0119czono 6 czerwca podczas gali, kt\u00f3ra odby\u0142a si\u0119 w Przestrzeniach Bruna w Warszawie. Jest to pierwsze i jedyne wyr\u00f3\u017cnienie w Polsce wr\u0119czane dla firm, organizacji i os\u00f3b, kt\u00f3re promuj\u0105 r\u00f3\u017cnorodno\u015b\u0107, r\u00f3wno\u015b\u0107 i inkluzywno\u015b\u0107.<\/p>\n\n\n\n<p>Redakcja wyr\u00f3\u017cni\u0142a a\u017c troje ambasador\u00f3w r\u00f3\u017cnorodno\u015bci: DJ Wik\u0119 \u2013 najstarsz\u0105 polsk\u0105 DJ-k\u0119, Agat\u0119 Roczniak \u2013 fundatork\u0119 i&nbsp;prezesk\u0119 Fundacji Diversum, kobiet\u0119, kt\u00f3ra zaciera r\u00f3\u017cnice mi\u0119dzy osobami z&nbsp;niepe\u0142nosprawno\u015bci\u0105 i&nbsp;sprawnymi, a&nbsp;tak\u017ce Rafa\u0142a Dembego \u2013 aktywist\u0119 na rzecz r\u00f3wnych praw os\u00f3b LGBT+, dyrektora strategii i&nbsp;wsparcia biznesu w&nbsp;Santander Bank Polska. \u2013 Nie spodziewa\u0142am si\u0119, \u017ce w&nbsp;moim wieku b\u0119d\u0119 w&nbsp;stanie dosi\u0119gn\u0105\u0107 takiego zaszczytu. Pami\u0119tajmy: skoro mamy otwarte granice, to miejmy otwarte tak\u017ce serca i&nbsp;umys\u0142y \u2013 m\u00f3wi\u0142a gor\u0105co oklaskiwana DJ Wika.<\/p>\n\n\n\n<p>Gromkie brawa otrzyma\u0142a te\u017c Marianna Wartecka z&nbsp;Fundacji Ocalenie, kt\u00f3ra odbiera\u0142a w&nbsp;imieniu swej organizacji tytu\u0142 Inicjatywy spo\u0142ecznej roku. Nagroda dla Przedsi\u0119biorstwa r\u00f3\u017cnorodno\u015bci pow\u0119drowa\u0142a do ING Banku \u015al\u0105skiego, a&nbsp;Mened\u017cerk\u0105 r\u00f3\u017cnorodno\u015bci zosta\u0142a Ma\u0142gorzata Petru z&nbsp;BNP Paribas Bank Polska.<\/p>\n\n\n\n<p>W&nbsp;poszczeg\u00f3lnych kategoriach laureatami Polskich Nagr\u00f3d R\u00f3\u017cnorodno\u015bci przyznanymi przez Kapitu\u0142\u0119 zostali: kancelaria prawna DWF Poland (kategoria Wiek), wsp\u00f3\u0142prowadzona przez osoby z&nbsp;niepe\u0142nosprawno\u015bci\u0105 intelektualn\u0105 Klubokawiarnia Po\u017cyteczna (Niepe\u0142nosprawno\u015b\u0107), t\u0119czowa sie\u0107 pracownicza State Street Pride &amp; Friends (LGBT+), Future Collars (P\u0142e\u0107) oraz firma Orpea (Dialog mi\u0119dzykulturowy).<\/p>\n","protected":false},"excerpt":{"rendered":"<p>R\u00f3\u017cnorodno\u015b\u0107 w&nbsp;biznesie to klucz do przysz\u0142o\u015bci i&nbsp;sukcesu na rynku \u2013 m\u00f3wi\u0142 Grzegorz Sadowski, redaktor naczelny \u201eMy Company Polska\u201d, w&nbsp;trakcie pierwszej gali Polskich Nagr\u00f3d R\u00f3\u017cnorodno\u015bci, kt\u00f3re przyzna\u0142a nasza redakcja. Laureaci nagr\u00f3d zostali wy\u0142onieni przez redakcj\u0119 i kapitu\u0142\u0119. Wyr\u00f3\u017cnienia wr\u0119czono 6 czerwca&#8230;<\/p>\n","protected":false},"author":1,"featured_media":3818,"comment_status":"closed","ping_status":"closed","sticky":false,"template":"","format":"standard","meta":{"footnotes":""},"categories":[248],"tags":[],"class_list":["post-3816","post","type-post","status-publish","format-standard","has-post-thumbnail","hentry","category-my-company-polska"],"_links":{"self":[{"href":"https:\/\/roznorodnosc.pl\/index.php?rest_route=\/wp\/v2\/posts\/3816","targetHints":{"allow":["GET"]}}],"collection":[{"href":"https:\/\/roznorodnosc.pl\/index.php?rest_route=\/wp\/v2\/posts"}],"about":[{"href":"https:\/\/roznorodnosc.pl\/index.php?rest_route=\/wp\/v2\/types\/post"}],"author":[{"embeddable":true,"href":"https:\/\/roznorodnosc.pl\/index.php?rest_route=\/wp\/v2\/users\/1"}],"replies":[{"embeddable":true,"href":"https:\/\/roznorodnosc.pl\/index.php?rest_route=%2Fwp%2Fv2%2Fcomments&post=3816"}],"version-history":[{"count":3,"href":"https:\/\/roznorodnosc.pl\/index.php?rest_route=\/wp\/v2\/posts\/3816\/revisions"}],"predecessor-version":[{"id":4467,"href":"https:\/\/roznorodnosc.pl\/index.php?rest_route=\/wp\/v2\/posts\/3816\/revisions\/4467"}],"wp:featuredmedia":[{"embeddable":true,"href":"https:\/\/roznorodnosc.pl\/index.php?rest_route=\/wp\/v2\/media\/3818"}],"wp:attachment":[{"href":"https:\/\/roznorodnosc.pl\/index.php?rest_route=%2Fwp%2Fv2%2Fmedia&parent=3816"}],"wp:term":[{"taxonomy":"category","embeddable":true,"href":"https:\/\/roznorodnosc.pl\/index.php?rest_route=%2Fwp%2Fv2%2Fcategories&post=3816"},{"taxonomy":"post_tag","embeddable":true,"href":"https:\/\/roznorodnosc.pl\/index.php?rest_route=%2Fwp%2Fv2%2Ftags&post=3816"}],"curies":[{"name":"wp","href":"https:\/\/api.w.org\/{rel}","templated":true}]}}